{"id":3160,"date":"2024-01-11T13:11:03","date_gmt":"2024-01-11T13:11:03","guid":{"rendered":"https:\/\/plan21.org\/?p=3160"},"modified":"2024-01-11T13:11:03","modified_gmt":"2024-01-11T13:11:03","slug":"cumple-plan21","status":"publish","type":"post","link":"https:\/\/plan21.org\/en\/2024\/01\/11\/cumple-plan21\/","title":{"rendered":"Cumple Plan21"},"content":{"rendered":"<p>Este es el mes de nuestro vig\u00e9simo aniversario en Fundaci\u00f3n Plan21. Como idea, como concepto, inspirado en la Agenda 21, en Plan21 tenemos algunos m\u00e1s, que datan de finales del siglo pasado&#8230;. Pero queremos celebrar la Fundaci\u00f3n, poco a poco, compartiendo voces y recuerdos con amigos y colegas de diferentes partes del mundo.<\/p>\n<p>Y detr\u00e1s de cada rostro hay historias compartidas; y reconocimientos. Tengo una vieja amistad con Eduard M\u00fcller, quien sin duda ha sido y es un referente del que sigo aprendiendo. En los inicios de Plan21 confi\u00f3 en nosotros, cuando \u00e9l y la Universidad para la Cooperaci\u00f3n Internacional ya eran l\u00edderes globales en desarrollo sostenible, como lo son ahora en desarrollo regenerativo. Nunca, pero nunca olvidar\u00e9 ese apoyo inicial que fortaleci\u00f3 nuestro Programa Pionero en Turismo Sostenible y agradezco tenerlo a \u00e9l y a Tania Moreno Ramos entre mis afectos.<\/p>\n<p>Y a pesar del paso del tiempo, nos imagino tejiendo juntos nuevos retos&#8230; Gracias Eduard!<\/p>\n<p>#Plan21enLatinoam\u00e9rica #CumplePlan21<\/p>\n<div style=\"width: 750px;\" class=\"wp-video\"><!--[if lt IE 9]><script>document.createElement('video');<\/script><![endif]-->\n<video class=\"wp-video-shortcode\" id=\"video-3160-1\" width=\"750\" height=\"422\" preload=\"metadata\" controls=\"controls\"><source type=\"video\/mp4\" src=\"https:\/\/plan21.org\/wp-content\/uploads\/2024\/01\/Eduard.mp4?_=1\" \/><a href=\"https:\/\/plan21.org\/wp-content\/uploads\/2024\/01\/Eduard.mp4\">https:\/\/plan21.org\/wp-content\/uploads\/2024\/01\/Eduard.mp4<\/a><\/video><\/div>\n<p>#20a\u00f1osxelDesarrolloHumanoSostenible<\/p>","protected":false},"excerpt":{"rendered":"<p>Este es el mes de nuestro vig\u00e9simo aniversario en Fundaci\u00f3n Plan21. Como idea, como concepto, inspirado en la Agenda 21, en Plan21 tenemos algunos m\u00e1s, que datan de finales del siglo pasado&#8230;. Pero queremos celebrar la Fundaci\u00f3n, poco a poco, compartiendo voces y recuerdos con amigos y colegas de diferentes [&hellip;]<\/p>","protected":false},"author":1,"featured_media":3134,"comment_status":"open","ping_status":"open","sticky":false,"template":"","format":"standard","meta":{"footnotes":""},"categories":[1],"tags":[],"_links":{"self":[{"href":"https:\/\/plan21.org\/en\/wp-json\/wp\/v2\/posts\/3160"}],"collection":[{"href":"https:\/\/plan21.org\/en\/wp-json\/wp\/v2\/posts"}],"about":[{"href":"https:\/\/plan21.org\/en\/wp-json\/wp\/v2\/types\/post"}],"author":[{"embeddable":true,"href":"https:\/\/plan21.org\/en\/wp-json\/wp\/v2\/users\/1"}],"replies":[{"embeddable":true,"href":"https:\/\/plan21.org\/en\/wp-json\/wp\/v2\/comments?post=3160"}],"version-history":[{"count":1,"href":"https:\/\/plan21.org\/en\/wp-json\/wp\/v2\/posts\/3160\/revisions"}],"predecessor-version":[{"id":3162,"href":"https:\/\/plan21.org\/en\/wp-json\/wp\/v2\/posts\/3160\/revisions\/3162"}],"wp:featuredmedia":[{"embeddable":true,"href":"https:\/\/plan21.org\/en\/wp-json\/wp\/v2\/media\/3134"}],"wp:attachment":[{"href":"https:\/\/plan21.org\/en\/wp-json\/wp\/v2\/media?parent=3160"}],"wp:term":[{"taxonomy":"category","embeddable":true,"href":"https:\/\/plan21.org\/en\/wp-json\/wp\/v2\/categories?post=3160"},{"taxonomy":"post_tag","embeddable":true,"href":"https:\/\/plan21.org\/en\/wp-json\/wp\/v2\/tags?post=3160"}],"curies":[{"name":"wp","href":"https:\/\/api.w.org\/{rel}","templated":true}]}}