{"id":2521,"date":"2021-05-21T16:04:33","date_gmt":"2021-05-21T16:04:33","guid":{"rendered":"https:\/\/plan21.org\/?p=2521"},"modified":"2021-05-21T16:04:33","modified_gmt":"2021-05-21T16:04:33","slug":"reconocimiento-airelibre-compromiso-turismo-sostenible-plan-21","status":"publish","type":"post","link":"https:\/\/plan21.org\/en\/2021\/05\/21\/reconocimiento-airelibre-compromiso-turismo-sostenible-plan-21\/","title":{"rendered":"\u00a1Plan21 obtuvo el Reconocimiento AireLibre por su compromiso con el Turismo Sostenible!"},"content":{"rendered":"<p>El pasado Jueves 20 de Mayo, en Madrid, Espa\u00f1a, se otorg\u00f3 a Plan21 una distinci\u00f3n a su &#8220;Compromiso con el Turismo Sostenible&#8221;, por parte de la <a href=\"http:\/\/webairelibre.com\/\">Revista AireLibre<\/a><\/p>\n<div id=\"attachment_2523\" style=\"width: 2570px\" class=\"wp-caption aligncenter\"><a href=\"https:\/\/plan21.org\/wp-content\/uploads\/2021\/05\/FOTO-AIRELIBRE-RECONOCIMIENTOS-TURISMO-SOSTENIBLE-2021-Plan-21-scaled.jpg\"><img fetchpriority=\"high\" decoding=\"async\" aria-describedby=\"caption-attachment-2523\" src=\"https:\/\/plan21.org\/wp-content\/uploads\/2021\/05\/FOTO-AIRELIBRE-RECONOCIMIENTOS-TURISMO-SOSTENIBLE-2021-Plan-21-scaled.jpg\" alt=\"\" width=\"2560\" height=\"1707\" class=\"wp-image-2523 size-full\" srcset=\"https:\/\/plan21.org\/wp-content\/uploads\/2021\/05\/FOTO-AIRELIBRE-RECONOCIMIENTOS-TURISMO-SOSTENIBLE-2021-Plan-21-scaled.jpg 2560w, https:\/\/plan21.org\/wp-content\/uploads\/2021\/05\/FOTO-AIRELIBRE-RECONOCIMIENTOS-TURISMO-SOSTENIBLE-2021-Plan-21-300x200.jpg 300w, https:\/\/plan21.org\/wp-content\/uploads\/2021\/05\/FOTO-AIRELIBRE-RECONOCIMIENTOS-TURISMO-SOSTENIBLE-2021-Plan-21-1024x683.jpg 1024w, https:\/\/plan21.org\/wp-content\/uploads\/2021\/05\/FOTO-AIRELIBRE-RECONOCIMIENTOS-TURISMO-SOSTENIBLE-2021-Plan-21-768x512.jpg 768w, https:\/\/plan21.org\/wp-content\/uploads\/2021\/05\/FOTO-AIRELIBRE-RECONOCIMIENTOS-TURISMO-SOSTENIBLE-2021-Plan-21-1536x1024.jpg 1536w, https:\/\/plan21.org\/wp-content\/uploads\/2021\/05\/FOTO-AIRELIBRE-RECONOCIMIENTOS-TURISMO-SOSTENIBLE-2021-Plan-21-2048x1365.jpg 2048w, https:\/\/plan21.org\/wp-content\/uploads\/2021\/05\/FOTO-AIRELIBRE-RECONOCIMIENTOS-TURISMO-SOSTENIBLE-2021-Plan-21-16x12.jpg 16w, https:\/\/plan21.org\/wp-content\/uploads\/2021\/05\/FOTO-AIRELIBRE-RECONOCIMIENTOS-TURISMO-SOSTENIBLE-2021-Plan-21-360x240.jpg 360w\" sizes=\"(max-width: 2560px) 100vw, 2560px\" \/><\/a><p id=\"caption-attachment-2523\" class=\"wp-caption-text\">D\u00f1a. Ernestina Rubio (Miembro del Consejo Consultivo Internacional de Fundaci\u00f3n Plan21) junto a Javier Cort\u00e9s, ex director del Pacto Global de Naciones Unidas para las Am\u00e9ricas y Experto en la Agenda 2030 y localizaci\u00f3n de los ODS; y Paloma Fern\u00e1ndez, directora de la revista AireLibre.<\/p><\/div>\n<p>Del 19 al 23 de Mayo, en Espa\u00f1a se est\u00e1 llevando a cabo la Feria Internacional de Turismo (<a href=\"https:\/\/www.ifema.es\/fitur\">FIT<\/a>UR), con la participaci\u00f3n de referentes del Turismo de todas partes del mundo. En el marco de dicho evento, se celebra el <em><b>I Congreso Internacional de Econom\u00eda Creativa para el Desarrollo Sostenible en el Turismo.<\/b><\/em> All\u00ed, y por quinta vez, se realiz\u00f3 la entrega de los <span style=\"font-weight: 400;\">\u00a0&#8220;<strong><em>Reconocimientos AireLibre Comprometidos con el Turismo Sostenible&#8221;.\u00a0<\/em><\/strong>Dicha distinci\u00f3n busc\u00f3 reconocer y valorar a diferentes personas, instituciones, empresas y organismos.<\/span><\/p>\n<div class=\"su-spacer\" style=\"height:40px\"><\/div>\n<h3 style=\"padding-left: 40px;\">Reconocimiento AireLibre<\/h3>\n<p>AireLibre es una revista mensual que fue fundada en el a\u00f1o 1993. Desde entonces, se destaca como referente en la difusi\u00f3n del Turismo de Naturaleza, <span style=\"font-weight: 400;\">rural, activo, cultural y sostenible.<\/span><\/p>\n<p>En 2017, la OMT (Organizaci\u00f3n Mundial del Turismo para las Naciones Unidas) declar\u00f3 a dicho a\u00f1o, <em><strong>el a\u00f1o Internacional del Turismo Sostenible para el Desarrollo.\u00a0<\/strong><\/em>Desde entonces, la Revista AireLibre &#8220;<span style=\"font-weight: 400;\"><em>se sum\u00f3 a esta celebraci\u00f3n en calidad de interesado relevante, al ser los objetivos planteados por Naciones Unidas valores inherentes a la filosof\u00eda y compromisos de la publicaci\u00f3n, como soporte amplificador para la difusi\u00f3n del mensaje&#8221; <\/em>como indican desde su redacci\u00f3n.\u00a0<\/span><\/p>\n<p>Es por ello, que cada a\u00f1o, entregan este Reconocimiento don el fin de &#8220;<em><span style=\"font-weight: 400;\">ponderar el ser humano como elemento central de los objetivos de la sostenibilidad y contagiar al consumidor final de turismo sostenible&#8221;.\u00a0<\/span><\/em><\/p>\n<div class=\"su-spacer\" style=\"height:40px\"><\/div>\n<h3 style=\"padding-left: 40px;\">Reconocimiento a Plan21<\/h3>\n<p>En el d\u00eda de ayer, Jueves 20 de Mayo, se reconoci\u00f3 a Plan21 por su Compromiso con El Turismo Sostenible. Ernestina Rubio, miembro del consejo consultivo de nuestra fundaci\u00f3n, fue quien tuvo el honor de recibir la entrega de esta distinci\u00f3n &#8220;<em>Es un reconocimiento tan valioso y tan significativo, que nos da impulso para seguir trabajando<\/em>&#8221; dijo en su discurso de aceptaci\u00f3n.<\/p>\n<p>En este video, pod\u00e9s ver el discurso completo y escuchar las palabras de Ernestina:<\/p>\n<div class=\"su-youtube su-u-responsive-media-yes\"><iframe width=\"600\" height=\"400\" data-src=\"https:\/\/www.youtube.com\/embed\/DOk3NsY9hd0?autohide=2&amp;autoplay=0&amp;mute=0&amp;controls=1&amp;fs=1&amp;loop=0&amp;modestbranding=0&amp;rel=1&amp;showinfo=1&amp;theme=dark&amp;wmode=&amp;playsinline=0\" frameborder=\"0\" allowfullscreen allow=\"autoplay; encrypted-media; picture-in-picture\" title=\"\" src=\"data:image\/gif;base64,R0lGODlhAQABAAAAACH5BAEKAAEALAAAAAABAAEAAAICTAEAOw==\" class=\"lazyload\" data-load-mode=\"1\"><\/iframe><\/div>\n<p>Desde Plan21, seguimos manifestando nuestra alegr\u00eda y nuestro agradecimiento, por haber recibido esta distinci\u00f3n y valoraci\u00f3n hacia nuestro trabajo, por parte de la comunidad internacional.<\/p>\n<p>Con la motivaci\u00f3n y el esfuerzo de siempre, seguiremos promoviendo y trabajando por un desarrollo humano que sea verdaderamente sostenible.<\/p>\n<div class=\"su-spacer\" style=\"height:40px\"><\/div>\n<p style=\"text-align: center;\"><strong>Si quer\u00e9s leer la nota de prensa oficial de AireLibre, <a href=\"https:\/\/plan21.org\/wp-content\/uploads\/2021\/05\/NP-AIRELIBRE-RECONOCIMIENTOS-TURISMO-SOSTENIBLE-2021-.docx.pdf\">hac\u00e9 click ac\u00e1.<\/a>\u00a0<\/strong><\/p>","protected":false},"excerpt":{"rendered":"<p>El pasado Jueves 20 de Mayo, en Madrid, Espa\u00f1a, se otorg\u00f3 a Plan21 una distinci\u00f3n a su &#8220;Compromiso con el Turismo Sostenible&#8221;, por parte de la Revista AireLibre Del 19 al 23 de Mayo, en Espa\u00f1a se est\u00e1 llevando a cabo la Feria Internacional de Turismo (FITUR), con la participaci\u00f3n [&hellip;]<\/p>","protected":false},"author":2,"featured_media":2524,"comment_status":"open","ping_status":"open","sticky":false,"template":"","format":"standard","meta":{"footnotes":""},"categories":[29],"tags":[],"_links":{"self":[{"href":"https:\/\/plan21.org\/en\/wp-json\/wp\/v2\/posts\/2521"}],"collection":[{"href":"https:\/\/plan21.org\/en\/wp-json\/wp\/v2\/posts"}],"about":[{"href":"https:\/\/plan21.org\/en\/wp-json\/wp\/v2\/types\/post"}],"author":[{"embeddable":true,"href":"https:\/\/plan21.org\/en\/wp-json\/wp\/v2\/users\/2"}],"replies":[{"embeddable":true,"href":"https:\/\/plan21.org\/en\/wp-json\/wp\/v2\/comments?post=2521"}],"version-history":[{"count":1,"href":"https:\/\/plan21.org\/en\/wp-json\/wp\/v2\/posts\/2521\/revisions"}],"predecessor-version":[{"id":2525,"href":"https:\/\/plan21.org\/en\/wp-json\/wp\/v2\/posts\/2521\/revisions\/2525"}],"wp:featuredmedia":[{"embeddable":true,"href":"https:\/\/plan21.org\/en\/wp-json\/wp\/v2\/media\/2524"}],"wp:attachment":[{"href":"https:\/\/plan21.org\/en\/wp-json\/wp\/v2\/media?parent=2521"}],"wp:term":[{"taxonomy":"category","embeddable":true,"href":"https:\/\/plan21.org\/en\/wp-json\/wp\/v2\/categories?post=2521"},{"taxonomy":"post_tag","embeddable":true,"href":"https:\/\/plan21.org\/en\/wp-json\/wp\/v2\/tags?post=2521"}],"curies":[{"name":"wp","href":"https:\/\/api.w.org\/{rel}","templated":true}]}}