{"id":2073,"date":"2020-12-18T22:36:04","date_gmt":"2020-12-18T22:36:04","guid":{"rendered":"http:\/\/plan21.org\/?p=2073"},"modified":"2020-12-18T22:40:36","modified_gmt":"2020-12-18T22:40:36","slug":"viajes-con-sentido-un-proyecto-de-voluntariado-completamente-sostenible-por-fundacion-plan21","status":"publish","type":"post","link":"https:\/\/plan21.org\/en\/2020\/12\/18\/viajes-con-sentido-un-proyecto-de-voluntariado-completamente-sostenible-por-fundacion-plan21\/","title":{"rendered":"Meaningful Journeys: a completely sustainable volunteer project by Fundaci\u00f3n Plan21"},"content":{"rendered":"<h3><b><i>Con mucha felicidad, desde Fundaci\u00f3n Plan21, anunciamos nuestro nuevo programa de Voluntariado: Viajes con Sentido. Una propuesta destinada a profesionales que quieran realizar un viaje\u00a0<\/i><\/b><\/h3>\n<h4><span style=\"font-weight: 400;\">En nuestro camino hacia una sociedad m\u00e1s sostenible, hoy presentamos una nueva propuesta de voluntariado para profesionales: <\/span><a href=\"https:\/\/plan21.org\/index.php\/viajes-con-sentido\/\"><span style=\"font-weight: 400;\">Viajes Con Sentido<\/span><\/a><span style=\"font-weight: 400;\">.\u00a0<\/span><\/h4>\n<p><b>What is it?<\/b><\/p>\n<p><span style=\"font-weight: 400;\">Viajes con Sentido es un proyecto pensado para impactar positivamente en la comunidad que se visita, al mismo tiempo que se recorren y conocen nuevas culturas. Es una forma de dejar tu huella en el mundo en que vivimos <\/span><a href=\"https:\/\/www.instagram.com\/explore\/tags\/mihuellamimundo\/\"><span style=\"font-weight: 400;\">#MiHuellaMiMundo<\/span><\/a><\/p>\n<p>&nbsp;<\/p>\n<p><span style=\"font-weight: 400;\">Esta iniciativa consta de una experiencia de dos semanas:<\/span><\/p>\n<ul>\n<li style=\"font-weight: 400;\" aria-level=\"1\"><span style=\"font-weight: 400;\">La primera semana est\u00e1 destinada a realizar un voluntariado en alg\u00fan lugar del mundo, aportando tus conocimientos y experiencia.\u00a0<\/span><\/li>\n<li style=\"font-weight: 400;\" aria-level=\"1\"><span style=\"font-weight: 400;\">La segunda semana, se dedica a poder viajar de una forma 100% sostenible y conocer el destino.<\/span><\/li>\n<\/ul>\n<p><span style=\"font-weight: 400;\">El programa cuenta con dos mentoras que llevan a cabo su planificaci\u00f3n: Piera Curotto y Paola Simonetti. Ambas forman parte del consejo consultivo de Fundaci\u00f3n Plan 21, y tienen una gran experiencia en la realizaci\u00f3n de proyectos que contribuyen a la sostenibilidad de empresas y comunidades en Latinoam\u00e9rica.\u00a0<\/span><\/p>\n<p>&nbsp;<\/p>\n<p><span style=\"font-weight: 400;\">El primer programa se realizar\u00e1 en <em><strong>Costa Rica<\/strong><\/em>, en <strong>Julio de 2021<\/strong>. La zona d<\/span><span style=\"font-weight: 400;\">onde se llevar\u00e1 a cabo es la Regi\u00f3n del Volc\u00e1n Arenal, en la provincia de Alajuela (la m\u00e1s grande del pa\u00eds). Considerada una de las \u00e1reas con mayor atractiv<\/span><span style=\"font-weight: 400;\">o de Costa Rica, es tambi\u00e9n la m\u00e1s conocida y visitada.<\/span><\/p>\n<p><img fetchpriority=\"high\" decoding=\"async\" src=\"https:\/\/plan21.org\/wp-content\/uploads\/2020\/12\/volcano-289253_1920-300x225.jpg\" alt=\"\" width=\"300\" height=\"225\" class=\"size-medium wp-image-2074 alignleft\" srcset=\"https:\/\/plan21.org\/wp-content\/uploads\/2020\/12\/volcano-289253_1920-300x225.jpg 300w, https:\/\/plan21.org\/wp-content\/uploads\/2020\/12\/volcano-289253_1920-1024x768.jpg 1024w, https:\/\/plan21.org\/wp-content\/uploads\/2020\/12\/volcano-289253_1920-768x576.jpg 768w, https:\/\/plan21.org\/wp-content\/uploads\/2020\/12\/volcano-289253_1920-100x75.jpg 100w, https:\/\/plan21.org\/wp-content\/uploads\/2020\/12\/volcano-289253_1920-1536x1152.jpg 1536w, https:\/\/plan21.org\/wp-content\/uploads\/2020\/12\/volcano-289253_1920-600x450.jpg 600w, https:\/\/plan21.org\/wp-content\/uploads\/2020\/12\/volcano-289253_1920.jpg 1920w\" sizes=\"(max-width: 300px) 100vw, 300px\" \/><\/p>\n<p><span style=\"font-weight: 400;\">Este primer proyecto fue planificado en conjunto con dos grandes partners: <\/span><a href=\"http:\/\/ecoletravel.com\/?lang=es\"><span style=\"font-weight: 400;\">Ecole Travel<\/span><\/a><span style=\"font-weight: 400;\"> y con el <\/span><a href=\"https:\/\/www.tec.ac.cr\/\"><span style=\"font-weight: 400;\">Instituto Tecnol\u00f3gico de Costa Rica (TEC)<\/span><\/a><span style=\"font-weight: 400;\">. Ecole Travel es un operador tur\u00edstico costarricense con 27 a\u00f1os de trayectoria, que ha sido uno de los principales impulsores del turismo sostenible en el pa\u00eds. Por su parte, el TEC es una instituci\u00f3n nacional aut\u00f3noma de educaci\u00f3n superior universitaria fundada hace casi 50 a\u00f1os, que se dedica a la docencia, la investigaci\u00f3n y la extensi\u00f3n de la tecnolog\u00eda y las ciencias conexas para el desarrollo de Costa Rica.<\/span><\/p>\n<p><span style=\"font-weight: 400;\">\u00a1Ya pod\u00e9s ver el itinerario! <a href=\"https:\/\/plan21.org\/wp-content\/uploads\/2020\/12\/Propuesta_Viajes_Con_Sentido_2021_Web.pdf\">Hac\u00e9 click ac\u00e1 para leerlo<\/a>. Una experiencia realmente imperdible.<\/span><\/p>\n<p>&nbsp;<\/p>\n<p><b>\u00bfQui\u00e9nes pueden participar?<\/b><\/p>\n<p><span style=\"font-weight: 400;\">Personas que cuenten con los conocimientos necesarios y que tengan muchas ganas de ayudar. No existen l\u00edmites para la edad.<\/span><\/p>\n<p><b>\u00bfTe interesa sumarte?<\/b><\/p>\n<p><span style=\"font-weight: 400;\">Para conocer en profundidad el funcionamiento de nuestro programa, pod\u00e9s ponerte en contacto con nuestro equipo ingresando en la secci\u00f3n de Viajes con sentido y postularte completando el formulario para formar parte de este proyecto. <\/span><a href=\"https:\/\/plan21.org\/index.php\/sumate-a-viajes-con-sentido\/\"><span style=\"font-weight: 400;\">Hac\u00e9 click ac\u00e1 para visualizarlo<\/span><\/a><span style=\"font-weight: 400;\">. <\/span><\/p>","protected":false},"excerpt":{"rendered":"<p>Con mucha felicidad, desde Fundaci\u00f3n Plan21, anunciamos nuestro nuevo programa de Voluntariado: Viajes con Sentido. Una propuesta destinada a profesionales que quieran realizar un viaje\u00a0 En nuestro camino hacia una sociedad m\u00e1s sostenible, hoy presentamos una nueva propuesta de voluntariado para profesionales: Viajes Con Sentido.\u00a0 \u00bfQu\u00e9 es? Viajes con Sentido [&hellip;]<\/p>","protected":false},"author":2,"featured_media":1396,"comment_status":"open","ping_status":"open","sticky":false,"template":"","format":"standard","meta":{"footnotes":""},"categories":[29],"tags":[],"_links":{"self":[{"href":"https:\/\/plan21.org\/en\/wp-json\/wp\/v2\/posts\/2073"}],"collection":[{"href":"https:\/\/plan21.org\/en\/wp-json\/wp\/v2\/posts"}],"about":[{"href":"https:\/\/plan21.org\/en\/wp-json\/wp\/v2\/types\/post"}],"author":[{"embeddable":true,"href":"https:\/\/plan21.org\/en\/wp-json\/wp\/v2\/users\/2"}],"replies":[{"embeddable":true,"href":"https:\/\/plan21.org\/en\/wp-json\/wp\/v2\/comments?post=2073"}],"version-history":[{"count":2,"href":"https:\/\/plan21.org\/en\/wp-json\/wp\/v2\/posts\/2073\/revisions"}],"predecessor-version":[{"id":2076,"href":"https:\/\/plan21.org\/en\/wp-json\/wp\/v2\/posts\/2073\/revisions\/2076"}],"wp:featuredmedia":[{"embeddable":true,"href":"https:\/\/plan21.org\/en\/wp-json\/wp\/v2\/media\/1396"}],"wp:attachment":[{"href":"https:\/\/plan21.org\/en\/wp-json\/wp\/v2\/media?parent=2073"}],"wp:term":[{"taxonomy":"category","embeddable":true,"href":"https:\/\/plan21.org\/en\/wp-json\/wp\/v2\/categories?post=2073"},{"taxonomy":"post_tag","embeddable":true,"href":"https:\/\/plan21.org\/en\/wp-json\/wp\/v2\/tags?post=2073"}],"curies":[{"name":"wp","href":"https:\/\/api.w.org\/{rel}","templated":true}]}}