{"id":1378,"date":"2020-10-02T20:14:25","date_gmt":"2020-10-02T20:14:25","guid":{"rendered":"http:\/\/plan21.org\/?p=1378"},"modified":"2020-12-30T23:15:43","modified_gmt":"2020-12-30T23:15:43","slug":"alianza-reforestarg-plan21","status":"publish","type":"post","link":"https:\/\/plan21.org\/en\/2020\/10\/02\/alianza-reforestarg-plan21\/","title":{"rendered":"Alianza Reforestarg &#8211; Plan21"},"content":{"rendered":"<p>&nbsp;<\/p>\r\n\r\n\r\n\r\n<p class=\"has-text-align-center\"><strong>Reforestarg y Fundaci\u00f3n Plan21 firman un convenio de colaboraci\u00f3n estrat\u00e9gica para brindar soluciones integrales a empresas clim\u00e1ticamente responsables<\/strong><\/p>\r\n\r\n\r\n\r\n<p>&nbsp;<\/p>\r\n\r\n\r\n\r\n<div class=\"wp-block-image\">\r\n<figure class=\"aligncenter size-large is-resized\"><img decoding=\"async\" data-src=\"https:\/\/plan21.org\/wp-content\/uploads\/2020\/10\/Logo-ReforestArg-verde.png\" alt=\"\" class=\"wp-image-1379 lazyload\" width=\"119\" height=\"119\" data-srcset=\"https:\/\/plan21.org\/wp-content\/uploads\/2020\/10\/Logo-ReforestArg-verde.png 708w, https:\/\/plan21.org\/wp-content\/uploads\/2020\/10\/Logo-ReforestArg-verde-160x160.png 160w, https:\/\/plan21.org\/wp-content\/uploads\/2020\/10\/Logo-ReforestArg-verde-600x600.png 600w, https:\/\/plan21.org\/wp-content\/uploads\/2020\/10\/Logo-ReforestArg-verde-300x300.png 300w, https:\/\/plan21.org\/wp-content\/uploads\/2020\/10\/Logo-ReforestArg-verde-100x100.png 100w, https:\/\/plan21.org\/wp-content\/uploads\/2020\/10\/Logo-ReforestArg-verde-570x570.png 570w, https:\/\/plan21.org\/wp-content\/uploads\/2020\/10\/Logo-ReforestArg-verde-380x380.png 380w, https:\/\/plan21.org\/wp-content\/uploads\/2020\/10\/Logo-ReforestArg-verde-285x285.png 285w\" data-sizes=\"(max-width: 119px) 100vw, 119px\" src=\"data:image\/gif;base64,R0lGODlhAQABAAAAACH5BAEKAAEALAAAAAABAAEAAAICTAEAOw==\" style=\"--smush-placeholder-width: 119px; --smush-placeholder-aspect-ratio: 119\/119;\" \/><noscript><img decoding=\"async\" src=\"https:\/\/plan21.org\/wp-content\/uploads\/2020\/10\/Logo-ReforestArg-verde.png\" alt=\"\" class=\"wp-image-1379\" width=\"119\" height=\"119\" srcset=\"https:\/\/plan21.org\/wp-content\/uploads\/2020\/10\/Logo-ReforestArg-verde.png 708w, https:\/\/plan21.org\/wp-content\/uploads\/2020\/10\/Logo-ReforestArg-verde-160x160.png 160w, https:\/\/plan21.org\/wp-content\/uploads\/2020\/10\/Logo-ReforestArg-verde-600x600.png 600w, https:\/\/plan21.org\/wp-content\/uploads\/2020\/10\/Logo-ReforestArg-verde-300x300.png 300w, https:\/\/plan21.org\/wp-content\/uploads\/2020\/10\/Logo-ReforestArg-verde-100x100.png 100w, https:\/\/plan21.org\/wp-content\/uploads\/2020\/10\/Logo-ReforestArg-verde-570x570.png 570w, https:\/\/plan21.org\/wp-content\/uploads\/2020\/10\/Logo-ReforestArg-verde-380x380.png 380w, https:\/\/plan21.org\/wp-content\/uploads\/2020\/10\/Logo-ReforestArg-verde-285x285.png 285w\" sizes=\"(max-width: 119px) 100vw, 119px\" \/><\/noscript><\/figure>\r\n<\/div>\r\n\r\n\r\n\r\n<p>ReforestArg, programa de restauraci\u00f3n ecol\u00f3gica a trav\u00e9s de plantaciones de \u00e1rboles nativos en bosques degradados, y Fundaci\u00f3n Plan21, propietaria del Programa Carbonocero, firmaron un convenio de colaboraci\u00f3n para trabajar en conjunto en la conservaci\u00f3n de bosque nativo y la lucha contra el Cambio Clim\u00e1tico.<\/p>\r\n\r\n\r\n\r\n<p>De esta manera, ambas organizaciones aportan su trayectoria y experiencias de trabajo para acompa\u00f1ar a empresas y destinos en su camino hacia una gesti\u00f3n sostenible. Esta tarea conjunta se plasmar\u00e1 a trav\u00e9s de la medici\u00f3n por parte de Plan21 de la huella de carbono de las empresas y organizaciones clientes de ReforestArg. El informe resultante brindar\u00e1 un diagn\u00f3stico para permitir que ReforestArg, establezca las correspondientes medidas de compensaci\u00f3n.<\/p>\r\n\r\n\r\n\r\n<p><br \/>Asimismo, ReforestArg podr\u00e1 elaborar para las empresas y organizaciones clientes de Plan21 que as\u00ed lo soliciten, un programa de compensaci\u00f3n de las emisiones de gases de efecto invernadero generadas a trav\u00e9s de la reforestaci\u00f3n.<br \/>ReforestArg es un programa de la Fundaci\u00f3n para Cuidar el Planeta y sus Habitantes que tiene como objetivo generar comunidad a trav\u00e9s de plantaciones colectivas, conservar bosques nativos y potenciar productores locales. Dirige acciones de asimilaci\u00f3n de carbono y compensaci\u00f3n de la huella a trav\u00e9s de la plantaci\u00f3n de \u00e1rboles nativos que act\u00faan como sumideros naturales de carbono.<\/p>\r\n\r\n\r\n\r\n<p><br \/>Plan21, www.plan21.org es una ONG para el Desarrollo que tiene como objetivo difundir el paradigma del Desarrollo Humano Sostenible y cuenta con el Programa Carbonocero, uno de los pioneros en medici\u00f3n de Huella de Carbono en la regi\u00f3n.<\/p>\r\n\r\n\r\n\r\n<p><br \/>El esquema s\u00f3lido de trabajo de ambas organizaciones colaborar\u00e1 con aquellas empresas que requieren una soluci\u00f3n integral para comunicar y avanzar en la mitigaci\u00f3n y compensaci\u00f3n de su huella de carbono en Argentina .<br \/>Para Fabi\u00e1n Rom\u00e1n, Presidente de Fundaci\u00f3n Plan21, \u201cesta es una excelente oportunidad para ampliar la oferta de compensaci\u00f3n para las empresas que quieran demostrar su responsabilidad clim\u00e1tica, m\u00e1s all\u00e1 de los esfuerzos de mitigaci\u00f3n. ReforestArg es una organizaci\u00f3n reconocida en el mercado local, a partir de su innovador enfoque y su compromiso con la mejora continua de sus campa\u00f1as de plantaci\u00f3n de especies nativas\u201d<\/p>\r\n\r\n\r\n\r\n<p><br \/>Para Tob\u00edas Merlo, cofundador de ReforestArg, \u201ces una gran alianza para avanzar en la restauraci\u00f3n de nuestros bosques nativos y en el cuidado de los servicios ecosist\u00e9micos que proveen, al mismo tiempo que progresamos en la lucha contra el cambio clim\u00e1tico y en el desarrollo de proyectos de mitigaci\u00f3n y secuestro de carbono. Fundaci\u00f3n Plan 21 es un gran aliado para nuestros compromisos de captura de CO2 atmosf\u00e9rico\u201d<\/p>\r\n\r\n\r\n\r\n<p>Contacto de prensa:<br \/>Plan21: gcarbo@plan21.org<br \/>ReforestArg: tobias@reforestarg.org.ar<\/p>","protected":false},"excerpt":{"rendered":"<p>&nbsp; Reforestarg y Fundaci\u00f3n Plan21 firman un convenio de colaboraci\u00f3n estrat\u00e9gica para brindar soluciones integrales a empresas clim\u00e1ticamente responsables &nbsp; ReforestArg, programa de restauraci\u00f3n ecol\u00f3gica a trav\u00e9s de plantaciones de \u00e1rboles nativos en bosques degradados, y Fundaci\u00f3n Plan21, propietaria del Programa Carbonocero, firmaron un convenio de colaboraci\u00f3n para trabajar en [&hellip;]<\/p>","protected":false},"author":1,"featured_media":0,"comment_status":"open","ping_status":"open","sticky":false,"template":"","format":"standard","meta":{"footnotes":""},"categories":[29],"tags":[],"_links":{"self":[{"href":"https:\/\/plan21.org\/en\/wp-json\/wp\/v2\/posts\/1378"}],"collection":[{"href":"https:\/\/plan21.org\/en\/wp-json\/wp\/v2\/posts"}],"about":[{"href":"https:\/\/plan21.org\/en\/wp-json\/wp\/v2\/types\/post"}],"author":[{"embeddable":true,"href":"https:\/\/plan21.org\/en\/wp-json\/wp\/v2\/users\/1"}],"replies":[{"embeddable":true,"href":"https:\/\/plan21.org\/en\/wp-json\/wp\/v2\/comments?post=1378"}],"version-history":[{"count":3,"href":"https:\/\/plan21.org\/en\/wp-json\/wp\/v2\/posts\/1378\/revisions"}],"predecessor-version":[{"id":1993,"href":"https:\/\/plan21.org\/en\/wp-json\/wp\/v2\/posts\/1378\/revisions\/1993"}],"wp:attachment":[{"href":"https:\/\/plan21.org\/en\/wp-json\/wp\/v2\/media?parent=1378"}],"wp:term":[{"taxonomy":"category","embeddable":true,"href":"https:\/\/plan21.org\/en\/wp-json\/wp\/v2\/categories?post=1378"},{"taxonomy":"post_tag","embeddable":true,"href":"https:\/\/plan21.org\/en\/wp-json\/wp\/v2\/tags?post=1378"}],"curies":[{"name":"wp","href":"https:\/\/api.w.org\/{rel}","templated":true}]}}